{"id":50,"date":"2011-02-22T08:38:43","date_gmt":"2011-02-22T08:38:43","guid":{"rendered":"https:\/\/hervibor.minserver.org\/?p=50"},"modified":"2023-01-14T19:49:44","modified_gmt":"2023-01-14T19:49:44","slug":"follum","status":"publish","type":"post","link":"https:\/\/hervibor.minserver.org\/?p=50","title":{"rendered":"Follum"},"content":{"rendered":"<p><em><span style=\"font-size: 8pt;\">Follum fabrikker. Foto: Fjellanger-Wider\u00f8e \/ Buskerud Fylkesfotoarkiv<\/span><\/em><\/p>\n<p>Av Olav Norheim<\/p>\n<p>Follum er navnet b\u00e5de p\u00e5\u00a0en bydel og en g\u00e5rd. Og det var en stor fabrikk. Navnet <strong>Follum<\/strong> kan v\u00e6re 2 000 \u00e5r gammelt, og er kanskje laget av ordene <span style=\"text-decoration: underline;\">fole<\/span> og <span style=\"text-decoration: underline;\">heim<\/span>. Fole betyr ung hest.<\/p>\n<p>F\u00f8rst var Follum en g\u00e5rd. Ja, det er det enda. Det var en stor g\u00e5rd med mange kyr og hester og korn.\u00a0Nede ved elva ble det bygd en stor fabrikk. Det var i 1873. P\u00e5 fabrikken laga de papir.\u00a0I n\u00e6rheten kom det en hel bydel som vi kaller Follumbyen.<\/p>\n<p>F\u00f8rst het fabrikken Follum Tr\u00e6sliberi. Den har skifta navn flere ganger. Til slutt het den Norske Skog Follum. I mars 2012 ble fabrikken lagt ned. Til \u00e5 begynne med var det 27 arbeidere ved Follum.\u00a0For noen \u00e5r siden var det s\u00e5 mange som 1200 som arbeidet der. Da fabrikken ble lagt ned var det 356 ansatte.<\/p>\n<h5>Treklyngen<\/h5>\n<p>N\u00e5 er det et firma som heter Treklyngen som holder til p\u00e5 Follum, der det var fabrikk. Treklyngen\u00a0ogs\u00e5 driver med t\u00f8mmer.<\/p>\n<h5>Hus ved fabrikken<\/h5>\n<p>Rundt 1880 ble det bygd boliger for arbeiderne ved Follum. Det bodde seks familier i hvert hus. Hver familie hadde kj\u00f8kken, stue og et lite rom eller kammers innenfor kj\u00f8kkenet. Det kunne bli trangt. For det kunne v\u00e6re ti-tolv unger i hver familie. Men husa var nye og fine, og det var kort vei p\u00e5 arbeid.<\/p>\n<p>Sist p\u00e5 1940-tallet\u00a0ble det bygd boliger i Follum\u00e5sen. Litt seinere begynte de \u00e5 bygge boliger i det som n\u00e5 heter Follumbyen. Noen av boligene var det Follum Fabrikker som bygde. Noen av boligene ble bygd av Follum-ansatte som skulle bo der.<\/p>\n<p><img loading=\"lazy\" decoding=\"async\" class=\" size-full wp-image-48\" src=\"https:\/\/hervibor.minserver.org\/wp-content\/uploads\/2011\/02\/follumbyen1957lite.jpg\" alt=\"follumbyen1957lite\" width=\"560\" height=\"378\" srcset=\"https:\/\/hervibor.minserver.org\/wp-content\/uploads\/2011\/02\/follumbyen1957lite.jpg 560w, https:\/\/hervibor.minserver.org\/wp-content\/uploads\/2011\/02\/follumbyen1957lite-300x203.jpg 300w\" sizes=\"auto, (max-width: 560px) 100vw, 560px\" \/><br \/>\n<em><span style=\"font-size: 8pt;\">Boligomr\u00e5det ved fabrikken blir kalt &laquo;Follumbyen&raquo;. Foto: Fjellanger-Wider\u00f8e \/ Buskerud Fylkesfotoarkiv<\/span><\/em><\/p>\n<p><strong>Begynte \u00e5 jobbe som 14-\u00e5ring<br \/>\n<\/strong>Gilmar Hverven var 14 \u00e5r da han begynte \u00e5 arbeide ved Follum Tr\u00e6sliberi. Det er omtrent 100 \u00e5r siden. Den gangen var det mange som begynte \u00e5 arbeide da de var 14-15 \u00e5r gamle. Gilmar fikk jobb ved Follum fordi far hans jobba der. Det var vanlig at en gutt kunne f\u00e5 jobb p\u00e5 Follum n\u00e5r faren\u00a0jobba der.<\/p>\n<p>Gilmar Hverven fortalte seinere hvordan det var \u00e5 jobbe ved Follum:<br \/>\n\u201dDet var trivelige forhold. \u2026 Vi hadde lange arbeidsdager, 12 timer fra 6 morgen til 6 aften med 1 times frokost og 1 \u00bd times middag.\u201d<\/p>\n<p>Gilmar forteller at snekkere og reparat\u00f8rer p\u00e5 Follum tjente 3 kroner p\u00e5 en dag. De som jobba ute p\u00e5 fabrikk-tomta tjente 2 kroner og 30 \u00f8re dagen.<\/p>\n<p>\u201dMen l\u00f8nna strakk til, den. Det var jo andre tider da, pengene var mye mer verdt. En liter nysilt melk kostet 10 \u00f8re, skummet melk 5 \u00f8re. Husleien i Follums boliger var 6 kroner m\u00e5neden. \u2026 De fleste familier hadde gris eller slakte-fe. Det var gjerne stute-kalver vi holdt p\u00e5 beite p\u00e5 Gr\u00f8ndalsjordet p\u00e5 den andre siden av elva.\u201d<\/p>\n<p><strong>Ett rom og kj\u00f8kken<br \/>\n<\/strong>En mann som flyttet inn i en av boligene ved Follum for 100 \u00e5r siden, forteller:<\/p>\n<p>\u201dJeg og min familie bodde i fabrikkens hus, en to-etasjes g\u00e5rd med plass til tolv familier. Hver familie hadde ett rom og kj\u00f8kken. Det var ikke innlagt vann og lys, men det var en h\u00e6rskare av veggelus som vi stadig m\u00e5tte sl\u00e5ss med. Det var tre innganger \u2013 fire familier om hver inngang. I den inngangen hvor vi bodde, var det til sammen 23 barn, s\u00e5 det var ikke mye ro \u00e5 f\u00e5 for den som hadde nattskift og m\u00e5tte sove om dagen. Det var med andre ord et hundeliv\u201d.<\/p>\n<div id='gallery-1' class='gallery galleryid-50 gallery-columns-3 gallery-size-thumbnail'><figure class='gallery-item'>\n\t\t\t<div class='gallery-icon landscape'>\n\t\t\t\t<a href='https:\/\/hervibor.minserver.org\/?attachment_id=642'><img loading=\"lazy\" decoding=\"async\" width=\"150\" height=\"150\" src=\"https:\/\/hervibor.minserver.org\/wp-content\/uploads\/2023\/01\/hofsfossfollum1961lite-150x150.jpg\" class=\"attachment-thumbnail size-thumbnail\" alt=\"\" style=\"width:100%;height:80.71%;max-width:560px;\" \/><\/a>\n\t\t\t<\/div><\/figure><figure class='gallery-item'>\n\t\t\t<div class='gallery-icon landscape'>\n\t\t\t\t<a href='https:\/\/hervibor.minserver.org\/?attachment_id=640'><img loading=\"lazy\" decoding=\"async\" width=\"150\" height=\"150\" src=\"https:\/\/hervibor.minserver.org\/wp-content\/uploads\/2023\/01\/follumfab1966lite-150x150.jpg\" class=\"attachment-thumbnail size-thumbnail\" alt=\"\" style=\"width:100%;height:65.54%;max-width:560px;\" \/><\/a>\n\t\t\t<\/div><\/figure><figure class='gallery-item'>\n\t\t\t<div class='gallery-icon landscape'>\n\t\t\t\t<a href='https:\/\/hervibor.minserver.org\/?attachment_id=639'><img loading=\"lazy\" decoding=\"async\" width=\"150\" height=\"150\" src=\"https:\/\/hervibor.minserver.org\/wp-content\/uploads\/2023\/01\/follumfab1953lite-150x150.jpg\" class=\"attachment-thumbnail size-thumbnail\" alt=\"\" style=\"width:100%;height:61.25%;max-width:560px;\" \/><\/a>\n\t\t\t<\/div><\/figure><figure class='gallery-item'>\n\t\t\t<div class='gallery-icon landscape'>\n\t\t\t\t<a href='https:\/\/hervibor.minserver.org\/?attachment_id=641'><img loading=\"lazy\" decoding=\"async\" width=\"150\" height=\"150\" src=\"https:\/\/hervibor.minserver.org\/wp-content\/uploads\/2023\/01\/follumskole1958lite-150x150.jpg\" class=\"attachment-thumbnail size-thumbnail\" alt=\"\" style=\"width:100%;height:66.25%;max-width:560px;\" \/><\/a>\n\t\t\t<\/div><\/figure><figure class='gallery-item'>\n\t\t\t<div class='gallery-icon landscape'>\n\t\t\t\t<a href='https:\/\/hervibor.minserver.org\/?attachment_id=638'><img loading=\"lazy\" decoding=\"async\" width=\"150\" height=\"150\" src=\"https:\/\/hervibor.minserver.org\/wp-content\/uploads\/2023\/01\/follumbyen1957lite-150x150.jpg\" class=\"attachment-thumbnail size-thumbnail\" alt=\"\" style=\"width:100%;height:67.5%;max-width:560px;\" \/><\/a>\n\t\t\t<\/div><\/figure><figure class='gallery-item'>\n\t\t\t<div class='gallery-icon landscape'>\n\t\t\t\t<a href='https:\/\/hervibor.minserver.org\/?attachment_id=636'><img loading=\"lazy\" decoding=\"async\" width=\"150\" height=\"150\" src=\"https:\/\/hervibor.minserver.org\/wp-content\/uploads\/2023\/01\/dsc4349-150x150.jpg\" class=\"attachment-thumbnail size-thumbnail\" alt=\"\" style=\"width:100%;height:69.11%;max-width:560px;\" \/><\/a>\n\t\t\t<\/div><\/figure><figure class='gallery-item'>\n\t\t\t<div class='gallery-icon landscape'>\n\t\t\t\t<a href='https:\/\/hervibor.minserver.org\/?attachment_id=637'><img loading=\"lazy\" decoding=\"async\" width=\"150\" height=\"150\" src=\"https:\/\/hervibor.minserver.org\/wp-content\/uploads\/2023\/01\/follum_gamle_dager_1_545_391_90-150x150.jpg\" class=\"attachment-thumbnail size-thumbnail\" alt=\"\" style=\"width:100%;height:71.74%;max-width:545px;\" \/><\/a>\n\t\t\t<\/div><\/figure>\n\t\t<\/div>\n\n<p>{AF}<strong>Mer \u00e5 lese:<\/strong><strong><br \/>\n<\/strong>Per Kveseth: <a href=\"https:\/\/ringerike.bib.no\/cgi-bin\/websok?mode=vt&amp;dbpath=\/usr\/biblo\/data&amp;eccl=follum%20bruks%20arbeiderforening%201906-2006&amp;st=p&amp;fastsok=avd=rhv*%20eller%20avd=rhb*%20eller%20avd=rhl*&amp;browsebegrep=1&amp;spraak=nor\" target=\"_blank\" rel=\"noopener noreferrer\">Follum Bruks Arbeiderforening 1906 &#8211; 2006 Side 45-52, side 68-69 og 131<\/a>\u00a0(2006)<\/p>\n<p>Per Kveseth: <a href=\"https:\/\/ringerike.bib.no\/cgi-bin\/websok?tnr=256334\" target=\"_blank\" rel=\"noopener noreferrer\">Follum 125 \u00e5r : 1873 &#8211; 1998<\/a>\u00a0(1998)<\/p>\n<p><a href=\"https:\/\/ringerike.bib.no\/cgi-bin\/websok?tnr=222540\" target=\"_blank\" rel=\"noopener noreferrer\">Follum fabrikker : et hundre \u00e5r 1873 &#8211; 1973<\/a>\u00a0(1973){\/AF}<\/p>\n<p>Kart:<\/p>\n<p><img loading=\"lazy\" decoding=\"async\" class=\" size-full wp-image-49\" src=\"https:\/\/hervibor.minserver.org\/wp-content\/uploads\/2011\/02\/follum.jpg\" alt=\"follum\" width=\"560\" height=\"629\" \/><\/p>\n","protected":false},"excerpt":{"rendered":"<p>Follum fabrikker. Foto: Fjellanger-Wider\u00f8e \/ Buskerud Fylkesfotoarkiv Av Olav Norheim Follum er navnet b\u00e5de p\u00e5\u00a0en bydel og en g\u00e5rd. Og det var en stor fabrikk. Navnet Follum kan v\u00e6re 2 000 \u00e5r gammelt, og er kanskje laget av ordene fole og heim. Fole betyr ung hest. F\u00f8rst var Follum en g\u00e5rd. Ja, det er det&hellip; <a class=\"more-link\" href=\"https:\/\/hervibor.minserver.org\/?p=50\">Fortsett \u00e5 lese <span class=\"screen-reader-text\">Follum<\/span><\/a><\/p>\n","protected":false},"author":1,"featured_media":47,"comment_status":"open","ping_status":"open","sticky":false,"template":"","format":"standard","meta":{"footnotes":""},"categories":[86,21],"tags":[37],"class_list":["post-50","post","type-post","status-publish","format-standard","has-post-thumbnail","hentry","category-historien_hervibor","category-veien-skole","tag-ringerike","entry"],"_links":{"self":[{"href":"https:\/\/hervibor.minserver.org\/index.php?rest_route=\/wp\/v2\/posts\/50","targetHints":{"allow":["GET"]}}],"collection":[{"href":"https:\/\/hervibor.minserver.org\/index.php?rest_route=\/wp\/v2\/posts"}],"about":[{"href":"https:\/\/hervibor.minserver.org\/index.php?rest_route=\/wp\/v2\/types\/post"}],"author":[{"embeddable":true,"href":"https:\/\/hervibor.minserver.org\/index.php?rest_route=\/wp\/v2\/users\/1"}],"replies":[{"embeddable":true,"href":"https:\/\/hervibor.minserver.org\/index.php?rest_route=%2Fwp%2Fv2%2Fcomments&post=50"}],"version-history":[{"count":1,"href":"https:\/\/hervibor.minserver.org\/index.php?rest_route=\/wp\/v2\/posts\/50\/revisions"}],"predecessor-version":[{"id":643,"href":"https:\/\/hervibor.minserver.org\/index.php?rest_route=\/wp\/v2\/posts\/50\/revisions\/643"}],"wp:featuredmedia":[{"embeddable":true,"href":"https:\/\/hervibor.minserver.org\/index.php?rest_route=\/wp\/v2\/media\/47"}],"wp:attachment":[{"href":"https:\/\/hervibor.minserver.org\/index.php?rest_route=%2Fwp%2Fv2%2Fmedia&parent=50"}],"wp:term":[{"taxonomy":"category","embeddable":true,"href":"https:\/\/hervibor.minserver.org\/index.php?rest_route=%2Fwp%2Fv2%2Fcategories&post=50"},{"taxonomy":"post_tag","embeddable":true,"href":"https:\/\/hervibor.minserver.org\/index.php?rest_route=%2Fwp%2Fv2%2Ftags&post=50"}],"curies":[{"name":"wp","href":"https:\/\/api.w.org\/{rel}","templated":true}]}}