{"id":312,"date":"2014-03-13T09:55:26","date_gmt":"2014-03-13T09:55:26","guid":{"rendered":"https:\/\/hervibor.minserver.org\/?p=312"},"modified":"2023-01-14T19:49:40","modified_gmt":"2023-01-14T19:49:40","slug":"dalsbraten","status":"publish","type":"post","link":"https:\/\/hervibor.minserver.org\/?p=312","title":{"rendered":"Dalsbr\u00e5ten"},"content":{"rendered":"<\/p>\n<p>&nbsp;<\/p>\n<p>Dalsbr\u00e5ten, sa folk f\u00f8r. Dalsbr\u00e5ten eller Dompidal, sa de. N\u00e5 sier de fleste Eikli om stedet der Dalsbr\u00e5ten ligger. Men det er jo noen som sier Dalsbr\u00e5ten n\u00e5 ogs\u00e5.<\/p>\n<p>&nbsp;<\/p>\n<p>Dalsbr\u00e5ten ligger langs Osloveien p\u00e5 s\u00f8rsida i H\u00f8nefoss, mellom Eikli skole og Pizzastua.<\/p>\n<p><span style=\"font-size: 10pt;\"><\/span><\/p>\n<section>\n<h5>Dahl p\u00e5 Br\u00e5tan<\/h5>\n<\/section>\n<p>Det var etter 1877 at Dalsbr\u00e5ten fikk navnet sitt. F\u00f8r det het stedet bare Br\u00e5tan eller Br\u00e5ten. Br\u00e5tan var en liten g\u00e5rd. S\u00e5 var det en mann som het Dahl som kj\u00f8pte g\u00e5rden i 1877. Etter det ble g\u00e5rden kalt for Dalsbr\u00e5ten. Hvem som fant p\u00e5 det navnet, vet vi ikke. Br\u00e5ten og Br\u00e5tan er ganske vanlige navn. Kanskje det var noen som begynte \u00e5 si Dalsbr\u00e5ten i stedet for Br\u00e5ten, for \u00e5 forklare&nbsp;hvilken g\u00e5rd&nbsp;de mente.<\/p>\n<p><span style=\"font-size: 10pt;\"><\/span><\/p>\n<h5>To skoler<\/h5>\n<p>Br\u00e5tan l\u00e5 der som H\u00f8nefoss videreg\u00e5ende skole ligger n\u00e5. Det er en vei i n\u00e6rheten som heter Br\u00e5taveien.<\/p>\n<p>F\u00f8r var det en skole som het Dalsbr\u00e5ten ungdomsskole. Det var der hvor H\u00f8gskolen i Buskerud eller Campus Ringerike ligger n\u00e5, oppe i Bredalsveien. Det var ungdomsskole i Dalsbr\u00e5ten fra 1974 til 1984.<\/p>\n<p><span style=\"font-size: 10pt;\"><\/span><\/p>\n<h5><strong>To veier<\/strong><span style=\"font-size: 10pt;\"><br \/><\/span><\/h5>\n<p>I Dalsbr\u00e5ten er det en vei som heter&nbsp;Nedre Dahls vei og en vei som heter&nbsp;\u00d8vre Dahls vei. Og nedenfor den veien ligger Dalsbr\u00e5ten barnehage.<span style=\"font-size: 10pt;\"><br \/><\/span><\/p>\n<p>&nbsp;<\/p>\n<p>&nbsp;<\/p>\n<p><span style=\"font-size: 10pt;\">{AF}<strong>Mer \u00e5 lese:<\/strong><\/span><br \/><span style=\"font-size: 10pt;\">Lagesen: <a href=\"https:\/\/ringerike.bib.no\/cgi-bin\/websok?tnr=186497\" target=\"_blank\" rel=\"noopener noreferrer\">Ringerikske slekter. Bind III<\/a>&nbsp;(1984), side 201<\/span><br \/><span style=\"font-size: 10pt;\">Borgen: <a href=\"https:\/\/ringerike.bib.no\/cgi-bin\/websok?mode=vt&amp;dbpath=\/usr\/biblo\/data&amp;eccl=ringerike%20byog%20bygdeleksikon&amp;st=p&amp;fastsok=&amp;browsebegrep=1&amp;spraak=nor\" target=\"_blank\" rel=\"noopener noreferrer\">Ringerike by- og bygdeleksikon<\/a> (2000), side 33{\/AF}<\/span><\/p>\n<p><span style=\"font-size: 10pt;\"><\/span><\/p>\n<p><span style=\"font-size: 10pt;\"><\/span><\/p>\n<p><span style=\"font-size: 10pt;\">&nbsp;<img loading=\"lazy\" decoding=\"async\" class=\" size-full wp-image-311\" src=\"https:\/\/hervibor.minserver.org\/wp-content\/uploads\/2014\/03\/dalsbraten.jpg\" alt=\"dalsbraten\" width=\"560\" height=\"640\" srcset=\"https:\/\/hervibor.minserver.org\/wp-content\/uploads\/2014\/03\/dalsbraten.jpg 560w, https:\/\/hervibor.minserver.org\/wp-content\/uploads\/2014\/03\/dalsbraten-263x300.jpg 263w\" sizes=\"auto, (max-width: 560px) 100vw, 560px\" \/><\/span><\/p>\n<p><span style=\"font-size: 10pt;\"><\/span><\/p>\n","protected":false},"excerpt":{"rendered":"<p>&nbsp; Dalsbr\u00e5ten, sa folk f\u00f8r. Dalsbr\u00e5ten eller Dompidal, sa de. N\u00e5 sier de fleste Eikli om stedet der Dalsbr\u00e5ten ligger. Men det er jo noen som sier Dalsbr\u00e5ten n\u00e5 ogs\u00e5. &nbsp; Dalsbr\u00e5ten ligger langs Osloveien p\u00e5 s\u00f8rsida i H\u00f8nefoss, mellom Eikli skole og Pizzastua. Dahl p\u00e5 Br\u00e5tan Det var etter 1877 at Dalsbr\u00e5ten fikk navnet&hellip; <a class=\"more-link\" href=\"https:\/\/hervibor.minserver.org\/?p=312\">Fortsett \u00e5 lese <span class=\"screen-reader-text\">Dalsbr\u00e5ten<\/span><\/a><\/p>\n","protected":false},"author":1,"featured_media":310,"comment_status":"open","ping_status":"open","sticky":false,"template":"","format":"standard","meta":{"footnotes":""},"categories":[9,86],"tags":[],"class_list":["post-312","post","type-post","status-publish","format-standard","has-post-thumbnail","hentry","category-eikli-skole","category-historien_hervibor","entry"],"_links":{"self":[{"href":"https:\/\/hervibor.minserver.org\/index.php?rest_route=\/wp\/v2\/posts\/312","targetHints":{"allow":["GET"]}}],"collection":[{"href":"https:\/\/hervibor.minserver.org\/index.php?rest_route=\/wp\/v2\/posts"}],"about":[{"href":"https:\/\/hervibor.minserver.org\/index.php?rest_route=\/wp\/v2\/types\/post"}],"author":[{"embeddable":true,"href":"https:\/\/hervibor.minserver.org\/index.php?rest_route=\/wp\/v2\/users\/1"}],"replies":[{"embeddable":true,"href":"https:\/\/hervibor.minserver.org\/index.php?rest_route=%2Fwp%2Fv2%2Fcomments&post=312"}],"version-history":[{"count":1,"href":"https:\/\/hervibor.minserver.org\/index.php?rest_route=\/wp\/v2\/posts\/312\/revisions"}],"predecessor-version":[{"id":945,"href":"https:\/\/hervibor.minserver.org\/index.php?rest_route=\/wp\/v2\/posts\/312\/revisions\/945"}],"wp:featuredmedia":[{"embeddable":true,"href":"https:\/\/hervibor.minserver.org\/index.php?rest_route=\/wp\/v2\/media\/310"}],"wp:attachment":[{"href":"https:\/\/hervibor.minserver.org\/index.php?rest_route=%2Fwp%2Fv2%2Fmedia&parent=312"}],"wp:term":[{"taxonomy":"category","embeddable":true,"href":"https:\/\/hervibor.minserver.org\/index.php?rest_route=%2Fwp%2Fv2%2Fcategories&post=312"},{"taxonomy":"post_tag","embeddable":true,"href":"https:\/\/hervibor.minserver.org\/index.php?rest_route=%2Fwp%2Fv2%2Ftags&post=312"}],"curies":[{"name":"wp","href":"https:\/\/api.w.org\/{rel}","templated":true}]}}