{"id":309,"date":"2014-02-13T14:26:32","date_gmt":"2014-02-13T14:26:32","guid":{"rendered":"https:\/\/hervibor.minserver.org\/?p=309"},"modified":"2023-01-14T19:49:40","modified_gmt":"2023-01-14T19:49:40","slug":"helgerud-skole","status":"publish","type":"post","link":"https:\/\/hervibor.minserver.org\/?p=309","title":{"rendered":"Helgerud skole"},"content":{"rendered":"<\/p>\n<p>&nbsp;<\/p>\n<p><span style=\"font-size: 10pt;\">Helgerud skole ligger p\u00e5 Helgerud. Det er jo derfor skolen heter Helgerud. <\/span><br \/><span style=\"font-size: 10pt;\">Helgerud ligger i Heradsbygda, cirka 5 kilometer vest for H\u00f8nefoss sentrum.<\/span><br \/><span style=\"font-size: 10pt;\">Skolen ble ferdig bygd i 1984. <\/span><\/p>\n<p>&nbsp;<\/p>\n<p><span style=\"font-size: 10pt;\">Da skolen sto ferdig, var det bare plass til f\u00f8rste og andre og tredje klasse. Noen \u00e5r seinere fikk alle elevene g\u00e5 der, fra f\u00f8rste til og med sjuende klasse. N\u00e5 er det omtrent 230 elever p\u00e5 skolen.<\/span><\/p>\n<p><span style=\"font-size: 10pt;\">I 2004 fikk skolen ballbinge.<\/span><\/p>\n<p>&nbsp;<\/p>\n<h5><span style=\"font-size: 10pt;\">Helgerud var en g\u00e5rd<\/span><\/h5>\n<p><span style=\"font-size: 10pt;\">Helgerud var egentlig en g\u00e5rd. Det var det i mange hundre \u00e5r. Etter 1920 ble g\u00e5rden delt opp i flere sm\u00e5bruk. Et sm\u00e5bruk er en liten g\u00e5rd.<\/span><\/p>\n<p><span style=\"font-size: 10pt;\"><\/span><\/p>\n<p><span style=\"font-size: 10pt;\">De gamle husa p\u00e5 Helgerud st\u00e5r ikke lenger. De ble brent ned i 1986.<\/span><\/p>\n<p><span style=\"font-size: 10pt;\">N\u00e5 er Helgerud et byggefelt med mange hus \u2013 og skole. Det er barnehage i n\u00e6rheten ogs\u00e5.<\/span><\/p>\n<p><span style=\"font-size: 10pt;\"><\/span><\/p>\n<p><span style=\"font-size: 10pt;\"><img loading=\"lazy\" decoding=\"async\" class=\" size-full wp-image-307\" src=\"https:\/\/hervibor.minserver.org\/wp-content\/uploads\/2014\/02\/Helgerud_1974_Loylandlite.jpg\" alt=\"Helgerud 1974 Loylandlite\" width=\"560\" height=\"364\" srcset=\"https:\/\/hervibor.minserver.org\/wp-content\/uploads\/2014\/02\/Helgerud_1974_Loylandlite.jpg 560w, https:\/\/hervibor.minserver.org\/wp-content\/uploads\/2014\/02\/Helgerud_1974_Loylandlite-300x195.jpg 300w\" sizes=\"auto, (max-width: 560px) 100vw, 560px\" \/><\/span><\/p>\n<p><em>Helgerud g\u00e5rd slik det s\u00e5 ut i 1974. Foto: Hallvard L\u00f8yland \/ Buskerud Fylkesfotoarkiv<\/em><\/p>\n<p>&nbsp;<\/p>\n<h5><span style=\"font-size: 10pt;\">Helgerud-sangen <\/span><\/h5>\n<p><span style=\"font-size: 10pt;\">Da skolen feira 25 \u00e5r i 2009, ble det laget et fint skolehefte. Der har Maren Olerud skrevet en Helgerud-sang. Maren jobba ved Helgerud skole i mange \u00e5r. Her er et par vers av Helgerud-sangen:<\/span><\/p>\n<p><span style=\"font-size: 10pt;\"><\/span><\/p>\n<p><span style=\"font-size: 10pt;\">En dag s\u00e5 kom det ruslende en mann med \u00f8ks og sag.<\/span><br \/><span style=\"font-size: 10pt;\">Han sa: Her skal det st\u00e5 en vakker g\u00e5rd en vakker dag.<\/span><br \/><span style=\"font-size: 10pt;\">Den mannen hette Helge, han hogg tr\u00e6r og dyrket jord, <\/span><br \/><span style=\"font-size: 10pt;\">og g\u00e5rden hans, ja, Helgerud, den vokste og ble stor.<\/span><\/p>\n<p><span style=\"font-size: 10pt;\"><\/span><\/p>\n<p><span style=\"font-size: 10pt;\">Og tida gikk, og mange kom, og mange slo seg ned.<\/span><br \/><span style=\"font-size: 10pt;\">Her ble ei lita bygd, ja, det var Heradsbygda, det:<\/span><br \/><span style=\"font-size: 10pt;\">Ei bygd der sola skinner i fra morgengry til kveld, <\/span><br \/><span style=\"font-size: 10pt;\">ei bygd der en kan se til Tyrifjord og Norefjell.<\/span><\/p>\n<p><span style=\"font-size: 10pt;\"><\/span><\/p>\n<h5><span style=\"font-size: 10pt;\">H\u00f8lje og H\u00e6lje<\/span><\/h5>\n<p><span style=\"font-size: 10pt;\">Vi sier b\u00e5de H\u00e6ljerud og Helgerud, men n\u00e5 skriver vi bare Helgerud. <\/span><br \/><span style=\"font-size: 10pt;\">Helgerud har blitt skrevet p\u00e5 mange m\u00e5ter: For 450 \u00e5r siden skreiv de Holgerut. P\u00e5 1600-tallet skreiv de b\u00e5de Hellgerud og Helgerudt.<\/span><\/p>\n<p><span style=\"font-size: 10pt;\">Hvorfor Helgerud heter Helgerud? Det er fordi en som het Helgi eller H\u00f8lje bodde der en gang. Kanskje var det H\u00f8lje som rydda g\u00e5rden og bodde der til \u00e5 begynne med?<\/span><\/p>\n<p><span style=\"font-size: 10pt;\"><\/span><\/p>\n<p><span style=\"font-size: 10pt;\"><\/span><span style=\"font-size: 10pt;\"><\/span><\/p>\n<p><span style=\"font-size: 10pt;\">{AF}<strong>Mer \u00e5 lese:<\/strong><\/span><br \/><span style=\"font-size: 10pt;\"><a href=\"https:\/\/ringerike.bib.no\/cgi-bin\/websok?mode=vt&amp;dbpath=\/usr\/biblo\/data&amp;eccl=helgerud%20skole%2025%20%C3%A5r%201984-2009%20jubileumshefte&amp;st=p&amp;fastsok=&amp;browsebegrep=1&amp;spraak=nor\" target=\"_blank\" rel=\"noopener noreferrer\">Helgerud skole 25 \u00e5r<\/a>&nbsp;(2009)<\/span><br \/><span style=\"font-size: 10pt;\"><a href=\"https:\/\/ringerike.bib.no\/cgi-bin\/websok?tnr=206366\" target=\"_blank\" rel=\"noopener noreferrer\">Norske gardsbruk. Buskerud fylke I<\/a>&nbsp;(1990), side 515{\/AF}<\/span><\/p>\n<p><span style=\"font-size: 10pt;\"><\/span><\/p>\n<p><span style=\"font-size: 10pt;\">&nbsp;<img loading=\"lazy\" decoding=\"async\" class=\" size-full wp-image-308\" src=\"https:\/\/hervibor.minserver.org\/wp-content\/uploads\/2014\/02\/helgerudskole.jpg\" alt=\"helgerudskole\" width=\"560\" height=\"588\" srcset=\"https:\/\/hervibor.minserver.org\/wp-content\/uploads\/2014\/02\/helgerudskole.jpg 560w, https:\/\/hervibor.minserver.org\/wp-content\/uploads\/2014\/02\/helgerudskole-286x300.jpg 286w\" sizes=\"auto, (max-width: 560px) 100vw, 560px\" \/><\/span><\/p>\n<p><span style=\"font-size: 10pt;\"><\/span><\/p>\n","protected":false},"excerpt":{"rendered":"<p>&nbsp; Helgerud skole ligger p\u00e5 Helgerud. Det er jo derfor skolen heter Helgerud. Helgerud ligger i Heradsbygda, cirka 5 kilometer vest for H\u00f8nefoss sentrum.Skolen ble ferdig bygd i 1984. &nbsp; Da skolen sto ferdig, var det bare plass til f\u00f8rste og andre og tredje klasse. Noen \u00e5r seinere fikk alle elevene g\u00e5 der, fra f\u00f8rste&hellip; <a class=\"more-link\" href=\"https:\/\/hervibor.minserver.org\/?p=309\">Fortsett \u00e5 lese <span class=\"screen-reader-text\">Helgerud skole<\/span><\/a><\/p>\n","protected":false},"author":1,"featured_media":306,"comment_status":"open","ping_status":"open","sticky":false,"template":"","format":"standard","meta":{"footnotes":""},"categories":[11,86],"tags":[],"class_list":["post-309","post","type-post","status-publish","format-standard","has-post-thumbnail","hentry","category-helgerud-skole","category-historien_hervibor","entry"],"_links":{"self":[{"href":"https:\/\/hervibor.minserver.org\/index.php?rest_route=\/wp\/v2\/posts\/309","targetHints":{"allow":["GET"]}}],"collection":[{"href":"https:\/\/hervibor.minserver.org\/index.php?rest_route=\/wp\/v2\/posts"}],"about":[{"href":"https:\/\/hervibor.minserver.org\/index.php?rest_route=\/wp\/v2\/types\/post"}],"author":[{"embeddable":true,"href":"https:\/\/hervibor.minserver.org\/index.php?rest_route=\/wp\/v2\/users\/1"}],"replies":[{"embeddable":true,"href":"https:\/\/hervibor.minserver.org\/index.php?rest_route=%2Fwp%2Fv2%2Fcomments&post=309"}],"version-history":[{"count":1,"href":"https:\/\/hervibor.minserver.org\/index.php?rest_route=\/wp\/v2\/posts\/309\/revisions"}],"predecessor-version":[{"id":946,"href":"https:\/\/hervibor.minserver.org\/index.php?rest_route=\/wp\/v2\/posts\/309\/revisions\/946"}],"wp:featuredmedia":[{"embeddable":true,"href":"https:\/\/hervibor.minserver.org\/index.php?rest_route=\/wp\/v2\/media\/306"}],"wp:attachment":[{"href":"https:\/\/hervibor.minserver.org\/index.php?rest_route=%2Fwp%2Fv2%2Fmedia&parent=309"}],"wp:term":[{"taxonomy":"category","embeddable":true,"href":"https:\/\/hervibor.minserver.org\/index.php?rest_route=%2Fwp%2Fv2%2Fcategories&post=309"},{"taxonomy":"post_tag","embeddable":true,"href":"https:\/\/hervibor.minserver.org\/index.php?rest_route=%2Fwp%2Fv2%2Ftags&post=309"}],"curies":[{"name":"wp","href":"https:\/\/api.w.org\/{rel}","templated":true}]}}