{"id":30,"date":"2011-01-06T08:08:58","date_gmt":"2011-01-06T08:08:58","guid":{"rendered":"https:\/\/hervibor.minserver.org\/?p=30"},"modified":"2023-01-14T19:49:45","modified_gmt":"2023-01-14T19:49:45","slug":"hvem-star-bak","status":"publish","type":"post","link":"https:\/\/hervibor.minserver.org\/?p=30","title":{"rendered":"Hvem st\u00e5r bak?"},"content":{"rendered":"<p><span style=\"font-family: arial,helvetica,sans-serif;\">Prosjektet er et samarbeid mellom <span style=\"color: #000000;\"><a href=\"http:\/\/www.ringerike.kommune.no\/bibliotek\" target=\"_blank\" rel=\"noopener noreferrer\">Ringerike bibliotek<\/a><\/span>, <span style=\"font-family: arial,helvetica,sans-serif;\"><a href=\"http:\/\/www.holebibliotek.no\/\" target=\"_blank\" rel=\"noopener noreferrer\">Hole bibliotek<\/a><\/span>, <span style=\"font-family: arial,helvetica,sans-serif;\"><a href=\"http:\/\/www.jevnaker.kommune.no\/Kategori\/Kultur-idrett-og-fritid\/Jevnaker-folkebibliotek\/\" target=\"_blank\" rel=\"noopener noreferrer\">Jevnaker folkebibliotek<\/a><\/span>, <span style=\"color: #000000;\"><a href=\"http:\/\/www.ringerikehistorielag.org\/\" target=\"_blank\" rel=\"noopener noreferrer\">Ringerike Historielag<\/a><\/span>, <span style=\"font-family: arial,helvetica,sans-serif;\"><a href=\"http:\/\/www.hole-historielag.no\/\" target=\"_blank\" rel=\"noopener noreferrer\">Hole historielag<\/a><\/span> og <span style=\"font-family: arial,helvetica,sans-serif;\"><a href=\"http:\/\/www.jevnaker-historielag.no\/\" target=\"_blank\" rel=\"noopener noreferrer\">Jevnaker historielag<\/a><\/span>.<\/span><\/p>\n<p><span style=\"font-family: arial,helvetica,sans-serif;\"><\/span><\/p>\n<p><span style=\"font-family: arial,helvetica,sans-serif;\">Prosjektgruppe:<\/span><\/p>\n<p><span style=\"font-family: arial,helvetica,sans-serif;\">Prosjektansvarlig: Marianne Tollefsen Bakken<\/span><\/p>\n<p><span style=\"font-family: arial, helvetica, sans-serif;\">Prosjektmedarbeider: Bente Br\u00e5ten<\/span><\/p>\n<p><span style=\"font-family: arial,helvetica,sans-serif;\"><\/span><\/p>\n<p><span style=\"font-family: arial,helvetica,sans-serif;\">Illustrat\u00f8rer: <span style=\"color: #000000;\"><a href=\"http:\/\/sigbjornlilleeng.blogspot.com\/\" target=\"_blank\" rel=\"noopener noreferrer\">Sigbj\u00f8rn Lilleeng<\/a><\/span> og <a href=\"http:\/\/www.tingleff.no\/Oyvind\/KERAMIKK.html\" target=\"_blank\" rel=\"noopener noreferrer\">\u00d8yvind Tingleff<\/a><\/span><\/p>\n<p><span style=\"font-family: arial,helvetica,sans-serif;\">Web- og grafisk design: <span style=\"color: #000000;\"><a href=\"http:\/\/www.webform.no\/\" target=\"_blank\" rel=\"noopener noreferrer\">Webform<\/a><\/span> <\/span><\/p>\n<p><span style=\"font-family: arial,helvetica,sans-serif;\"><\/span><\/p>\n<p><span style=\"font-family: arial,helvetica,sans-serif;\">Styringsgruppe:&nbsp;&nbsp;&nbsp;&nbsp; <span style=\"font-family: arial,helvetica,sans-serif;\"><a href=\"http:\/\/www.ringerike.no\/om\/radet-for-ringeriksregionen\/om-oss\" target=\"_blank\" rel=\"noopener noreferrer\">R\u00e5det for Ringeriksregionen<\/a><\/span><br \/><\/span><\/p>\n<p><span style=\"font-family: arial,helvetica,sans-serif;\">&nbsp;&nbsp;&nbsp;&nbsp;&nbsp;&nbsp;&nbsp;&nbsp;&nbsp;&nbsp;&nbsp;&nbsp;&nbsp;&nbsp;&nbsp;&nbsp;&nbsp;&nbsp;&nbsp;&nbsp;&nbsp;&nbsp;&nbsp;&nbsp;&nbsp;&nbsp;&nbsp;&nbsp;&nbsp; Thomas Funder(Ringerike Historielag)<\/span><\/p>\n<p><span style=\"font-family: arial,helvetica,sans-serif;\">&nbsp;&nbsp;&nbsp;&nbsp;&nbsp;&nbsp;&nbsp;&nbsp;&nbsp;&nbsp;&nbsp;&nbsp;&nbsp;&nbsp;&nbsp;&nbsp;&nbsp;&nbsp;&nbsp;&nbsp;&nbsp;&nbsp;&nbsp;&nbsp;&nbsp;&nbsp;&nbsp;&nbsp;&nbsp;&nbsp;Marianne Tollefsen Bakken (Ringerike bibliotek)<\/span><\/p>\n<p><span style=\"font-family: arial,helvetica,sans-serif;\">&nbsp;&nbsp;&nbsp;&nbsp;&nbsp;&nbsp;&nbsp;&nbsp;&nbsp;&nbsp;&nbsp;&nbsp;&nbsp;&nbsp;&nbsp;&nbsp;&nbsp;&nbsp;&nbsp;&nbsp;&nbsp;&nbsp;&nbsp;&nbsp;&nbsp;&nbsp;&nbsp;&nbsp;&nbsp; Hanne Stuve (Hole bibliotek)<br \/><\/span><\/p>\n<p><span style=\"font-family: arial,helvetica,sans-serif;\">&nbsp; &nbsp; &nbsp; &nbsp; &nbsp; &nbsp; &nbsp; &nbsp; &nbsp; &nbsp; &nbsp; &nbsp; &nbsp; &nbsp; &nbsp; Guro Skretteberg (Jevnaker folkebibliotek)<br \/><\/span><\/p>\n<p><span style=\"font-family: arial,helvetica,sans-serif;\"><\/span><\/p>\n<p><span style=\"font-family: arial,helvetica,sans-serif;\"><\/span><\/p>\n<p><span style=\"font-family: arial,helvetica,sans-serif;\">Andre bidragsytere:<\/span><\/p>\n<p><span style=\"font-family: arial,helvetica,sans-serif;\">Finansiell st\u00f8tte:&nbsp;&nbsp;&nbsp;&nbsp;&nbsp;<span style=\"color: #000000;\"><a href=\"https:\/\/www2.sparebank1.no\/portal\/2280\/3_privat?_nfpb=true&amp;_pageLabel=page_privat_forside&amp;_nfls=false\" target=\"_blank\" rel=\"noopener noreferrer\">SpareBank1 Ringerike Hadeland,<\/a>&nbsp;<\/span><span style=\"font-family: arial,helvetica,sans-serif;\"><a href=\"http:\/\/sparebankstiftelsen.no\/\" target=\"_blank\" rel=\"noopener noreferrer\">Sparebankstiftelsen DnB<\/a><\/span><\/span><\/p>\n<p><span style=\"font-family: arial,helvetica,sans-serif;\"><span style=\"color: #000000;\">&nbsp;&nbsp;&nbsp;&nbsp;&nbsp;&nbsp;&nbsp;&nbsp;&nbsp;&nbsp;&nbsp;&nbsp;&nbsp;&nbsp;&nbsp;&nbsp;&nbsp;&nbsp;&nbsp;&nbsp;&nbsp;&nbsp;&nbsp;&nbsp;&nbsp;&nbsp;&nbsp;&nbsp;&nbsp;&nbsp;&nbsp;<\/span><\/span><span style=\"font-family: arial,helvetica,sans-serif;\"><a href=\"http:\/\/www.ringeriksregionen.no\/\" target=\"_blank\" rel=\"noopener noreferrer\">R\u00e5det for Ringeriksregionen<\/a>,&nbsp; <a href=\"http:\/\/www.bfk.no\/Modules\/Default.aspx\" target=\"_blank\" rel=\"noopener noreferrer\">Buskerud fylkeskommune<\/a>,&nbsp;<\/span><\/p>\n<p><span style=\"font-family: arial,helvetica,sans-serif;\">&nbsp;&nbsp;&nbsp;&nbsp;&nbsp;&nbsp;&nbsp;&nbsp;&nbsp;&nbsp;&nbsp;&nbsp;&nbsp;&nbsp;&nbsp;&nbsp;&nbsp;&nbsp;&nbsp;&nbsp;&nbsp;&nbsp;&nbsp;&nbsp;&nbsp;&nbsp;&nbsp;&nbsp;&nbsp;&nbsp; <a href=\"http:\/\/www.buskerud.fylkesbibl.no\/\" target=\"_blank\" rel=\"noopener noreferrer\">Buskerud fylkesbibliotek<\/a>&nbsp;og <a href=\"http:\/\/www.legatsiden.no\/innhold\/visettlegat.php?id=3797\" target=\"_blank\" rel=\"noopener noreferrer\">Stiftelsen Sat Sapienti<\/a><\/span><\/p>\n<p><span style=\"font-family: arial,helvetica,sans-serif;\">Bildemateriale:<\/span><\/p>\n<p><span style=\"font-family: arial,helvetica,sans-serif;\"><span style=\"color: #000000;\"><a href=\"http:\/\/www.ringerikes.museum.no\/buskerud.fylkesfotoarkiv\/\" target=\"_blank\" rel=\"noopener noreferrer\">Buskerud fylkesfotoarkiv<\/a> ved fylkesfotograf&nbsp;<\/span> Bj\u00f8rn Johnsen, Frank Tverran,&nbsp;ansatte p\u00e5 Ringerike bibliotek og andre, dessuten bilder fra Ringerike biblioteks billedsamlinger etter Hallvard L\u00f8yland og Fjellanger-Wider\u00f8es flyfoto, som er overdratt til Buskerud fylkesfotoarkiv.<\/span><\/p>\n<p><span style=\"font-family: arial,helvetica,sans-serif;\">Bilder som ikke er kreditert, tilh\u00f8rer Ringerike kommune.<\/span><\/p>\n<p><span style=\"font-family: arial,helvetica,sans-serif;\"><\/span><\/p>\n<p><span style=\"font-family: arial,helvetica,sans-serif;\">Fagkonsulenter: Gudmund Bakke og Margit Harsson<\/span><\/p>\n<p><span style=\"font-family: arial,helvetica,sans-serif;\">Kartgrunnlag: Norgeskart, <span style=\"font-family: arial,helvetica,sans-serif;\"><a href=\"http:\/\/www.statkart.no\/\" target=\"_blank\" rel=\"noopener noreferrer\">Statens kartverk<\/a><\/span><\/span><\/p>\n<p>&nbsp;<\/p>\n<p><strong>&nbsp;<\/strong><\/p>\n<p>&nbsp;<\/p>\n<p>&nbsp;<\/p>\n<p>&nbsp;<\/p>\n<p>&nbsp;<\/p>\n<p>&nbsp;<\/p>\n<p>&nbsp;<\/p>\n<p>&nbsp;<\/p>\n","protected":false},"excerpt":{"rendered":"<p>Prosjektet er et samarbeid mellom Ringerike bibliotek, Hole bibliotek, Jevnaker folkebibliotek, Ringerike Historielag, Hole historielag og Jevnaker historielag. Prosjektgruppe: Prosjektansvarlig: Marianne Tollefsen Bakken Prosjektmedarbeider: Bente Br\u00e5ten Illustrat\u00f8rer: Sigbj\u00f8rn Lilleeng og \u00d8yvind Tingleff Web- og grafisk design: Webform Styringsgruppe:&nbsp;&nbsp;&nbsp;&nbsp; R\u00e5det for Ringeriksregionen &nbsp;&nbsp;&nbsp;&nbsp;&nbsp;&nbsp;&nbsp;&nbsp;&nbsp;&nbsp;&nbsp;&nbsp;&nbsp;&nbsp;&nbsp;&nbsp;&nbsp;&nbsp;&nbsp;&nbsp;&nbsp;&nbsp;&nbsp;&nbsp;&nbsp;&nbsp;&nbsp;&nbsp;&nbsp; Thomas Funder(Ringerike Historielag) &nbsp;&nbsp;&nbsp;&nbsp;&nbsp;&nbsp;&nbsp;&nbsp;&nbsp;&nbsp;&nbsp;&nbsp;&nbsp;&nbsp;&nbsp;&nbsp;&nbsp;&nbsp;&nbsp;&nbsp;&nbsp;&nbsp;&nbsp;&nbsp;&nbsp;&nbsp;&nbsp;&nbsp;&nbsp;&nbsp;Marianne Tollefsen Bakken (Ringerike bibliotek) &nbsp;&nbsp;&nbsp;&nbsp;&nbsp;&nbsp;&nbsp;&nbsp;&nbsp;&nbsp;&nbsp;&nbsp;&nbsp;&nbsp;&nbsp;&nbsp;&nbsp;&nbsp;&nbsp;&nbsp;&nbsp;&nbsp;&nbsp;&nbsp;&nbsp;&nbsp;&nbsp;&nbsp;&nbsp; Hanne Stuve (Hole bibliotek)&hellip; <a class=\"more-link\" href=\"https:\/\/hervibor.minserver.org\/?p=30\">Fortsett \u00e5 lese <span class=\"screen-reader-text\">Hvem st\u00e5r bak?<\/span><\/a><\/p>\n","protected":false},"author":1,"featured_media":0,"comment_status":"open","ping_status":"open","sticky":false,"template":"","format":"standard","meta":{"footnotes":""},"categories":[5,86],"tags":[],"class_list":["post-30","post","type-post","status-publish","format-standard","hentry","category-administrasjon","category-historien_hervibor","entry"],"_links":{"self":[{"href":"https:\/\/hervibor.minserver.org\/index.php?rest_route=\/wp\/v2\/posts\/30","targetHints":{"allow":["GET"]}}],"collection":[{"href":"https:\/\/hervibor.minserver.org\/index.php?rest_route=\/wp\/v2\/posts"}],"about":[{"href":"https:\/\/hervibor.minserver.org\/index.php?rest_route=\/wp\/v2\/types\/post"}],"author":[{"embeddable":true,"href":"https:\/\/hervibor.minserver.org\/index.php?rest_route=\/wp\/v2\/users\/1"}],"replies":[{"embeddable":true,"href":"https:\/\/hervibor.minserver.org\/index.php?rest_route=%2Fwp%2Fv2%2Fcomments&post=30"}],"version-history":[{"count":1,"href":"https:\/\/hervibor.minserver.org\/index.php?rest_route=\/wp\/v2\/posts\/30\/revisions"}],"predecessor-version":[{"id":1000,"href":"https:\/\/hervibor.minserver.org\/index.php?rest_route=\/wp\/v2\/posts\/30\/revisions\/1000"}],"wp:attachment":[{"href":"https:\/\/hervibor.minserver.org\/index.php?rest_route=%2Fwp%2Fv2%2Fmedia&parent=30"}],"wp:term":[{"taxonomy":"category","embeddable":true,"href":"https:\/\/hervibor.minserver.org\/index.php?rest_route=%2Fwp%2Fv2%2Fcategories&post=30"},{"taxonomy":"post_tag","embeddable":true,"href":"https:\/\/hervibor.minserver.org\/index.php?rest_route=%2Fwp%2Fv2%2Ftags&post=30"}],"curies":[{"name":"wp","href":"https:\/\/api.w.org\/{rel}","templated":true}]}}