{"id":294,"date":"2013-11-21T09:40:42","date_gmt":"2013-11-21T09:40:42","guid":{"rendered":"https:\/\/hervibor.minserver.org\/?p=294"},"modified":"2023-01-14T19:49:40","modified_gmt":"2023-01-14T19:49:40","slug":"honefoss-kirke","status":"publish","type":"post","link":"https:\/\/hervibor.minserver.org\/?p=294","title":{"rendered":"H\u00f8nefoss kirke"},"content":{"rendered":"<p><em><span style=\"font-size: 8pt;\"><img loading=\"lazy\" decoding=\"async\" class=\"alignnone size-medium\" src=\"https:\/\/hervibor.no\/images\/stories\/honefoss-kirke\/honefoss_kirke_oker_frank.jpg\" width=\"560\" height=\"649\" \/>Slik s\u00e5 H\u00f8nefoss kirke ut, gul og brun og fin innerst i Kirkegata. Foto: Frank Tverran\u00a0<\/span><\/em><\/p>\n<p><span style=\"font-size: 10pt;\">H\u00f8nefoss kirke ble bygd i 1862 og brant ned i januar 2010. S\u00e5 noen \u00e5r fantes det\u00a0<\/span><span style=\"font-size: 10pt;\">ikke noen H\u00f8nefoss kirke. Men n\u00e5 er den skal bygget opp igjen. Og n\u00e5 ser den helt annerledes ut enn f\u00f8r.<\/span><\/p>\n<p><span style=\"font-size: 10pt;\">Da H\u00f8nefoss ble by i 1852, var det klart at byen m\u00e5tte ha ei kirke. Men<\/span><br \/>\n<span style=\"font-size: 10pt;\">hvor skulle den nye kirka ligge? Folk var like opptatt av det da som n\u00e5.<\/span><\/p>\n<p><span style=\"font-size: 10pt;\">Det var snakk om flere steder den gangen: oppe p\u00e5 Veien, p\u00e5<\/span><br \/>\n<span style=\"font-size: 10pt;\">Schjongstangen eller p\u00e5 Petersl\u00f8kka. Det ble Petersl\u00f8kka, nede i den nye byen.<\/span><\/p>\n<p><img loading=\"lazy\" decoding=\"async\" class=\" size-full wp-image-291\" src=\"https:\/\/hervibor.minserver.org\/wp-content\/uploads\/2013\/11\/honefoss_kirke_flyfoto_bf.jpg\" alt=\"honefoss kirke flyfoto bf\" width=\"560\" height=\"405\" srcset=\"https:\/\/hervibor.minserver.org\/wp-content\/uploads\/2013\/11\/honefoss_kirke_flyfoto_bf.jpg 560w, https:\/\/hervibor.minserver.org\/wp-content\/uploads\/2013\/11\/honefoss_kirke_flyfoto_bf-300x217.jpg 300w\" sizes=\"auto, (max-width: 560px) 100vw, 560px\" \/><\/p>\n<p><span style=\"font-size: 8pt;\">Flyfoto av H\u00f8nefoss kirke tatt tidlig p\u00e5 1960-tallet, da kirka var hvit. Den fikk tilbake sin opprinnelige farge i 1998. Foto: Buskerud Fylkesfotoarkiv\u00a0<\/span><\/p>\n<p><span style=\"font-size: 10pt;\">Petersl\u00f8kka var jordet eller l\u00f8kka til skredder Christian Pedersen. Han<\/span><br \/>\n<span style=\"font-size: 10pt;\">var skreddermester. B\u00e5de Petersl\u00f8kka og Peters\u00f8ya h\u00f8rte til eiendommen hans, og<\/span><br \/>\n<span style=\"font-size: 10pt;\">er oppkalt etter ham.<\/span><\/p>\n<p><span style=\"font-size: 10pt;\">Folk sa kanskje at skredderen het Pettersen. Men han skreiv etternavnet<\/span><br \/>\n<span style=\"font-size: 10pt;\">sitt slik: Pedersen.<\/span><\/p>\n<p><span style=\"font-size: 10pt;\">Til \u00e5 begynne med sa vel folk Pettersenl\u00f8kka. Men s\u00e5 ble det for langt<\/span><br \/>\n<span style=\"font-size: 10pt;\">\u00e5 si. S\u00e5 etter hvert sa de Pettersl\u00f8kka. Og der ble kirka bygd.<\/span><\/p>\n<p><span style=\"font-size: 8pt;\"><span style=\"font-size: 10pt;\"><span style=\"font-size: 10pt;\">Gata fra sentrum og fram til kirka fikk navnet Kirkegata.<\/span><\/span><\/span><\/p>\n<p><img loading=\"lazy\" decoding=\"async\" class=\" size-full wp-image-292\" src=\"https:\/\/hervibor.minserver.org\/wp-content\/uploads\/2013\/11\/honefoss_kirke_ny1lite.JPG\" alt=\"honefoss kirke ny1lite\" width=\"560\" height=\"420\" srcset=\"https:\/\/hervibor.minserver.org\/wp-content\/uploads\/2013\/11\/honefoss_kirke_ny1lite.JPG 560w, https:\/\/hervibor.minserver.org\/wp-content\/uploads\/2013\/11\/honefoss_kirke_ny1lite-300x225.jpg 300w\" sizes=\"auto, (max-width: 560px) 100vw, 560px\" \/><\/p>\n<p><span style=\"font-size: 8pt;\">Nye H\u00f8nefoss kirke (Himmeltr\u00e6rne) innvies 10. desember 2017. Foto: Olav Norheim<\/span><\/p>\n<p><span style=\"font-size: 10pt;\"><span style=\"font-size: 10pt;\">H\u00f8nefoss kirke sto ferdig i 1862. Kirka sto i 148 \u00e5r. For en vinterdag<\/span><br \/>\n<span style=\"font-size: 10pt;\">i 2010 brant kirka ned. Men n\u00e5 er den nye kirka ferdig.<\/span><\/span><\/p>\n<p><span style=\"font-size: 10pt;\">\u00a0<img loading=\"lazy\" decoding=\"async\" class=\" size-full wp-image-293\" src=\"https:\/\/hervibor.minserver.org\/wp-content\/uploads\/2013\/11\/honefoss_kirke.jpg\" alt=\"honefoss kirke\" width=\"560\" height=\"351\" srcset=\"https:\/\/hervibor.minserver.org\/wp-content\/uploads\/2013\/11\/honefoss_kirke.jpg 560w, https:\/\/hervibor.minserver.org\/wp-content\/uploads\/2013\/11\/honefoss_kirke-300x188.jpg 300w\" sizes=\"auto, (max-width: 560px) 100vw, 560px\" \/><\/span><\/p>\n<div id='gallery-1' class='gallery galleryid-294 gallery-columns-3 gallery-size-thumbnail'><figure class='gallery-item'>\n\t\t\t<div class='gallery-icon landscape'>\n\t\t\t\t<a href='https:\/\/hervibor.minserver.org\/?attachment_id=660'><img loading=\"lazy\" decoding=\"async\" width=\"150\" height=\"150\" src=\"https:\/\/hervibor.minserver.org\/wp-content\/uploads\/2023\/01\/honefoss_kirke_espe-00382-150x150.jpg\" class=\"attachment-thumbnail size-thumbnail\" alt=\"\" style=\"width:100%;height:75.36%;max-width:560px;\" \/><\/a>\n\t\t\t<\/div><\/figure><figure class='gallery-item'>\n\t\t\t<div class='gallery-icon portrait'>\n\t\t\t\t<a href='https:\/\/hervibor.minserver.org\/?attachment_id=659'><img loading=\"lazy\" decoding=\"async\" width=\"150\" height=\"150\" src=\"https:\/\/hervibor.minserver.org\/wp-content\/uploads\/2023\/01\/honefoss_kirke_oker_frank-150x150.jpg\" class=\"attachment-thumbnail size-thumbnail\" alt=\"\" style=\"width:100%;height:115.89%;max-width:560px;\" \/><\/a>\n\t\t\t<\/div><\/figure><figure class='gallery-item'>\n\t\t\t<div class='gallery-icon landscape'>\n\t\t\t\t<a href='https:\/\/hervibor.minserver.org\/?attachment_id=657'><img loading=\"lazy\" decoding=\"async\" width=\"150\" height=\"150\" src=\"https:\/\/hervibor.minserver.org\/wp-content\/uploads\/2023\/01\/honefoss_kirke_johansen-150x150.jpg\" class=\"attachment-thumbnail size-thumbnail\" alt=\"\" style=\"width:100%;height:79.11%;max-width:560px;\" \/><\/a>\n\t\t\t<\/div><\/figure><figure class='gallery-item'>\n\t\t\t<div class='gallery-icon landscape'>\n\t\t\t\t<a href='https:\/\/hervibor.minserver.org\/?attachment_id=658'><img loading=\"lazy\" decoding=\"async\" width=\"150\" height=\"150\" src=\"https:\/\/hervibor.minserver.org\/wp-content\/uploads\/2023\/01\/honefoss_kirke_ny1lite-150x150.jpg\" class=\"attachment-thumbnail size-thumbnail\" alt=\"\" style=\"width:100%;height:75%;max-width:560px;\" \/><\/a>\n\t\t\t<\/div><\/figure><figure class='gallery-item'>\n\t\t\t<div class='gallery-icon landscape'>\n\t\t\t\t<a href='https:\/\/hervibor.minserver.org\/?attachment_id=653'><img loading=\"lazy\" decoding=\"async\" width=\"150\" height=\"150\" src=\"https:\/\/hervibor.minserver.org\/wp-content\/uploads\/2023\/01\/honefoss_kirke_brann_frank-150x150.jpg\" class=\"attachment-thumbnail size-thumbnail\" alt=\"\" style=\"width:100%;height:66.43%;max-width:560px;\" \/><\/a>\n\t\t\t<\/div><\/figure><figure class='gallery-item'>\n\t\t\t<div class='gallery-icon landscape'>\n\t\t\t\t<a href='https:\/\/hervibor.minserver.org\/?attachment_id=656'><img loading=\"lazy\" decoding=\"async\" width=\"150\" height=\"150\" src=\"https:\/\/hervibor.minserver.org\/wp-content\/uploads\/2023\/01\/honefoss_kirke_interior_bf-150x150.jpg\" class=\"attachment-thumbnail size-thumbnail\" alt=\"\" style=\"width:100%;height:71.37%;max-width:468px;\" \/><\/a>\n\t\t\t<\/div><\/figure><figure class='gallery-item'>\n\t\t\t<div class='gallery-icon landscape'>\n\t\t\t\t<a href='https:\/\/hervibor.minserver.org\/?attachment_id=654'><img loading=\"lazy\" decoding=\"async\" width=\"150\" height=\"150\" src=\"https:\/\/hervibor.minserver.org\/wp-content\/uploads\/2023\/01\/honefoss_kirke_flyfoto_bf-150x150.jpg\" class=\"attachment-thumbnail size-thumbnail\" alt=\"\" style=\"width:100%;height:72.32%;max-width:560px;\" \/><\/a>\n\t\t\t<\/div><\/figure><figure class='gallery-item'>\n\t\t\t<div class='gallery-icon landscape'>\n\t\t\t\t<a href='https:\/\/hervibor.minserver.org\/?attachment_id=655'><img loading=\"lazy\" decoding=\"async\" width=\"150\" height=\"150\" src=\"https:\/\/hervibor.minserver.org\/wp-content\/uploads\/2023\/01\/honefoss_kirke_gammelt_bf-150x150.jpg\" class=\"attachment-thumbnail size-thumbnail\" alt=\"\" style=\"width:100%;height:85.36%;max-width:560px;\" \/><\/a>\n\t\t\t<\/div><\/figure><figure class='gallery-item'>\n\t\t\t<div class='gallery-icon landscape'>\n\t\t\t\t<a href='https:\/\/hervibor.minserver.org\/?attachment_id=652'><img loading=\"lazy\" decoding=\"async\" width=\"150\" height=\"150\" src=\"https:\/\/hervibor.minserver.org\/wp-content\/uploads\/2023\/01\/Kirketomta2-150x150.jpg\" class=\"attachment-thumbnail size-thumbnail\" alt=\"\" style=\"width:100%;height:72.66%;max-width:1024px;\" \/><\/a>\n\t\t\t<\/div><\/figure>\n\t\t<\/div>\n\n<p>{AF}<span style=\"font-size: 10pt;\"><strong>Les mer:<\/strong><\/span><\/p>\n<p><span style=\"font-size: 10pt;\">Tverran: <a href=\"http:\/\/www.ringeriksavisa.no\/index.php\/lokalhistorie2\/8003-honefoss-kirke\" target=\"_blank\" rel=\"noopener noreferrer\">H\u00f8nefoss kirke<\/a><\/span><\/p>\n<p><span style=\"font-size: 10pt;\"><a href=\"https:\/\/ringerike.bib.no\/cgi-bin\/websok?mode=vt&amp;dbpath=\/usr\/biblo\/data&amp;eccl=h%C3%B8nefoss%20byens%20historie&amp;st=p&amp;fastsok=&amp;browsebegrep=1&amp;spraak=nor\" target=\"_blank\" rel=\"noopener noreferrer\">H\u00f8nefoss &#8211; byens historie<\/a>\u00a0(1915), side 121-127<\/span><\/p>\n<p><span style=\"font-size: 10pt;\"><a href=\"https:\/\/ringerike.bib.no\/cgi-bin\/websok?tnr=190449\" target=\"_blank\" rel=\"noopener noreferrer\">H\u00f8nefoss kirke 1862-1962<\/a> (1962)<\/span><\/p>\n<p><span style=\"font-size: 10pt;\">Ropeid: <a href=\"https:\/\/ringerike.bib.no\/cgi-bin\/websok?tnr=108908\" target=\"_blank\" rel=\"noopener noreferrer\">H\u00f8nefossboka, bind III<\/a>\u00a0(1952), side 1-6<\/span><\/p>\n<p><span style=\"font-size: 10pt;\">Artikkelen om <a href=\"index.php\/eikli-skole\/88-petersoya\" target=\"_blank\" rel=\"noopener noreferrer\">Peters\u00f8ya<\/a>{\/AF}<\/span><\/p>\n","protected":false},"excerpt":{"rendered":"<p>Slik s\u00e5 H\u00f8nefoss kirke ut, gul og brun og fin innerst i Kirkegata. Foto: Frank Tverran\u00a0 H\u00f8nefoss kirke ble bygd i 1862 og brant ned i januar 2010. S\u00e5 noen \u00e5r fantes det\u00a0ikke noen H\u00f8nefoss kirke. Men n\u00e5 er den skal bygget opp igjen. Og n\u00e5 ser den helt annerledes ut enn f\u00f8r. Da H\u00f8nefoss&hellip; <a class=\"more-link\" href=\"https:\/\/hervibor.minserver.org\/?p=294\">Fortsett \u00e5 lese <span class=\"screen-reader-text\">H\u00f8nefoss kirke<\/span><\/a><\/p>\n","protected":false},"author":1,"featured_media":290,"comment_status":"open","ping_status":"open","sticky":false,"template":"","format":"standard","meta":{"footnotes":""},"categories":[12,86],"tags":[55],"class_list":["post-294","post","type-post","status-publish","format-standard","has-post-thumbnail","hentry","category-honefoss-skole","category-historien_hervibor","tag-honefoss-kirke-ringerike-lokalhistorie","entry"],"_links":{"self":[{"href":"https:\/\/hervibor.minserver.org\/index.php?rest_route=\/wp\/v2\/posts\/294","targetHints":{"allow":["GET"]}}],"collection":[{"href":"https:\/\/hervibor.minserver.org\/index.php?rest_route=\/wp\/v2\/posts"}],"about":[{"href":"https:\/\/hervibor.minserver.org\/index.php?rest_route=\/wp\/v2\/types\/post"}],"author":[{"embeddable":true,"href":"https:\/\/hervibor.minserver.org\/index.php?rest_route=\/wp\/v2\/users\/1"}],"replies":[{"embeddable":true,"href":"https:\/\/hervibor.minserver.org\/index.php?rest_route=%2Fwp%2Fv2%2Fcomments&post=294"}],"version-history":[{"count":2,"href":"https:\/\/hervibor.minserver.org\/index.php?rest_route=\/wp\/v2\/posts\/294\/revisions"}],"predecessor-version":[{"id":662,"href":"https:\/\/hervibor.minserver.org\/index.php?rest_route=\/wp\/v2\/posts\/294\/revisions\/662"}],"wp:featuredmedia":[{"embeddable":true,"href":"https:\/\/hervibor.minserver.org\/index.php?rest_route=\/wp\/v2\/media\/290"}],"wp:attachment":[{"href":"https:\/\/hervibor.minserver.org\/index.php?rest_route=%2Fwp%2Fv2%2Fmedia&parent=294"}],"wp:term":[{"taxonomy":"category","embeddable":true,"href":"https:\/\/hervibor.minserver.org\/index.php?rest_route=%2Fwp%2Fv2%2Fcategories&post=294"},{"taxonomy":"post_tag","embeddable":true,"href":"https:\/\/hervibor.minserver.org\/index.php?rest_route=%2Fwp%2Fv2%2Ftags&post=294"}],"curies":[{"name":"wp","href":"https:\/\/api.w.org\/{rel}","templated":true}]}}