{"id":289,"date":"2013-10-24T10:56:00","date_gmt":"2013-10-24T10:56:00","guid":{"rendered":"https:\/\/hervibor.minserver.org\/?p=289"},"modified":"2023-01-14T19:49:40","modified_gmt":"2023-01-14T19:49:40","slug":"petersoya","status":"publish","type":"post","link":"https:\/\/hervibor.minserver.org\/?p=289","title":{"rendered":"Peters\u00f8ya"},"content":{"rendered":"<p>&nbsp;<\/p>\n<p>&nbsp;<em><span style=\"font-size: 8pt;\">Fra Peters\u00f8ya ser vi over til St\u00f8alandet. Foto: Olav Norheim<\/span><\/em><\/p>\n<p>&nbsp;<\/p>\n<p>Peters\u00f8ya ligger bak Petersl\u00f8kka. Men Petersl\u00f8kka finnes ikke lenger.<\/p>\n<p>&nbsp;<\/p>\n<p>Der Petersl\u00f8kka l\u00e5, ligger n\u00e5 H\u00f8nefoss kirkeg\u00e5rd og kirkestua. Petersl\u00f8kka var ei fin l\u00f8kke eller et jorde som passa godt til kirketomt og kirkeg\u00e5rd, den gangen H\u00f8nefoss by skulle f\u00e5 kirke. Det var i 1862.<\/p>\n<p>&nbsp;<\/p>\n<p>Bak kirkeg\u00e5rden, ute i Storelva, der ligger Peters\u00f8ya.<\/p>\n<p>&nbsp;<\/p>\n<p>Det er bare det, at Peters\u00f8ya ikke er noen \u00f8y lenger. Den er ei halv\u00f8y. Elva renner ikke lenger mellom Petersl\u00f8kka og Peters\u00f8ya. Men p\u00e5 utsida av Peters\u00f8ya renner elva fortsatt. Elva heter Storelva, og den renner stille og rolig mellom Peters\u00f8ya og St\u00f8alandet.<\/p>\n<p>&nbsp;<\/p>\n<p>S\u00e5 kan vi lure p\u00e5: Hvorfor heter det Peters\u00f8ya? Og hvorfor het det Petersl\u00f8kka?<\/p>\n<p>&nbsp;<\/p>\n<p>Har det noe med Peter \u00e5 gj\u00f8re? Nesten. Det har noe med Pedersen \u00e5 gj\u00f8re.<\/p>\n<p>&nbsp;<\/p>\n<p><img loading=\"lazy\" decoding=\"async\" class=\" size-full wp-image-286\" src=\"https:\/\/hervibor.minserver.org\/wp-content\/uploads\/2013\/10\/petersoya3_lite.jpg\" alt=\"petersoya3 lite\" width=\"560\" height=\"383\" srcset=\"https:\/\/hervibor.minserver.org\/wp-content\/uploads\/2013\/10\/petersoya3_lite.jpg 560w, https:\/\/hervibor.minserver.org\/wp-content\/uploads\/2013\/10\/petersoya3_lite-300x205.jpg 300w\" sizes=\"auto, (max-width: 560px) 100vw, 560px\" \/><\/p>\n<p><em><span style=\"font-size: 8pt;\">Foran Peters\u00f8ya er det lov \u00e5 parkere biler om dagen, men ikke sove om natta. Foto: Olav Norheim<\/span><\/em><\/p>\n<p>&nbsp;<\/p>\n<h5>Bygrensa<\/h5>\n<p>Da H\u00f8nefoss skulle bli by i 1852, m\u00e5tte jo den nye byen ha bygrenser. Folk m\u00e5tte vite hva som h\u00f8rte til byen og hva som l\u00e5 utenfor byen. Bygrensa gikk over Peters\u00f8ya.<\/p>\n<p>&nbsp;<\/p>\n<p>Det meste av Peters\u00f8ya h\u00f8rte til den nye byen. En liten del av \u00f8ya ble liggende utenfor bygrensa. Men seinere kom hele Peters\u00f8ya inn under H\u00f8nefoss.<\/p>\n<p>&nbsp;<\/p>\n<h5>Skredder Pedersen<\/h5>\n<p>Han som eide b\u00e5de Peters\u00f8ya og Petersl\u00f8kka, det var skredder-mester Pedersen.<br \/>Det kunne hende at folk skrev \u00abskreddermester Pedersens l\u00f8kke\u00bb. Men de sa \u00abPettersl\u00f8kka\u00bb. Og de sa \u00abPetters\u00f8ya\u00bb.<\/p>\n<p>&nbsp;<\/p>\n<p>P\u00e5 et gammelt kart fra 1888 st\u00e5r det \u00abPetters\u00f8en\u00bb. Folk skrev \u00ab\u00f8en\u00bb den gangen. Men de sa \u00ab\u00f8ya\u00bb, s\u00e5nn som vi gj\u00f8r.<\/p>\n<p>&nbsp;<\/p>\n<p>&nbsp;<\/p>\n<p><img loading=\"lazy\" decoding=\"async\" class=\" size-full wp-image-287\" src=\"https:\/\/hervibor.minserver.org\/wp-content\/uploads\/2013\/10\/honefoss_18882utsnittpeterlite.jpg\" alt=\"honefoss 18882utsnittpeterlite\" width=\"560\" height=\"367\" srcset=\"https:\/\/hervibor.minserver.org\/wp-content\/uploads\/2013\/10\/honefoss_18882utsnittpeterlite.jpg 560w, https:\/\/hervibor.minserver.org\/wp-content\/uploads\/2013\/10\/honefoss_18882utsnittpeterlite-300x197.jpg 300w\" sizes=\"auto, (max-width: 560px) 100vw, 560px\" \/><\/p>\n<p><span style=\"font-size: 8pt;\"><em>Utsnitt av et bykart over H\u00f8nefoss fra 1888 laget av N.S. Krum. Her skrives navnet &laquo;Petters\u00f8en&raquo;<\/em><\/span>&nbsp;<\/p>\n<p>&nbsp;<\/p>\n<p>Skreddermester Pedersen het Christian til fornavn. Han hadde mange menn til \u00e5 sy for seg.<\/p>\n<p>&nbsp;<\/p>\n<h5>Fint \u00e5 g\u00e5 tur<\/h5>\n<p>I 1903 var det idrettsplass p\u00e5 Peters\u00f8ya. I 1926 var det griser p\u00e5 \u00f8ya.<\/p>\n<p>&nbsp;<\/p>\n<p>N\u00e5 er det fint \u00e5 g\u00e5 tur p\u00e5 Peters\u00f8ya. Av og til har romfolk eller sig\u00f8ynere overnattet foran \u00f8ya, i bilene sine. Men det er ikke lov lenger. Det st\u00e5r et stort skilt om at det ikke er lov \u00e5 campe eller overnatte der. Men om dagen er det lov \u00e5 parkere foran Peters\u00f8ya, gratis til og med. S\u00e5 det st\u00e5r alltid mange biler der.<\/p>\n<p>&nbsp;<\/p>\n<p>Om noen \u00e5r blir det kanskje hus p\u00e5 Peters\u00f8ya.<\/p>\n<p>&nbsp;<\/p>\n<p>&nbsp;<\/p>\n<p>{AF}<strong>Mer \u00e5 lese:<\/strong><br \/>Olav Norheim: P\u00e5 sporet av skreddermester Pedersen. Ringerikes Blad 14. oktober 2013<br \/>Sverre og Erling Drange:<a href=\"https:\/\/ringerike.bib.no\/cgi-bin\/websok?mode=vt&amp;st=p&amp;publikumskjema=1&amp;hpid=17913&amp;embedded=0&amp;pubsok_txt_0=hus+og+historie+i+h%C3%B8ne&amp;avsok_avgrens_aarfra=&amp;avsok_avgrens_aartil=&amp;avsok_avgrens_spraak=&amp;pubsok_txt_1=\" target=\"_blank\" rel=\"noopener noreferrer\"> Hus og historie i H\u00f8nefoss<\/a>&nbsp;(2001), side 201-202.{\/AF}<\/p>\n<p>&nbsp;<\/p>\n<p>&nbsp;<img loading=\"lazy\" decoding=\"async\" class=\" size-full wp-image-288\" src=\"https:\/\/hervibor.minserver.org\/wp-content\/uploads\/2013\/10\/petersoya.jpg\" alt=\"petersoya\" width=\"560\" height=\"528\" srcset=\"https:\/\/hervibor.minserver.org\/wp-content\/uploads\/2013\/10\/petersoya.jpg 560w, https:\/\/hervibor.minserver.org\/wp-content\/uploads\/2013\/10\/petersoya-300x283.jpg 300w\" sizes=\"auto, (max-width: 560px) 100vw, 560px\" \/><\/p>\n","protected":false},"excerpt":{"rendered":"<p>&nbsp; &nbsp;Fra Peters\u00f8ya ser vi over til St\u00f8alandet. Foto: Olav Norheim &nbsp; Peters\u00f8ya ligger bak Petersl\u00f8kka. Men Petersl\u00f8kka finnes ikke lenger. &nbsp; Der Petersl\u00f8kka l\u00e5, ligger n\u00e5 H\u00f8nefoss kirkeg\u00e5rd og kirkestua. Petersl\u00f8kka var ei fin l\u00f8kke eller et jorde som passa godt til kirketomt og kirkeg\u00e5rd, den gangen H\u00f8nefoss by skulle f\u00e5 kirke. Det var&hellip; <a class=\"more-link\" href=\"https:\/\/hervibor.minserver.org\/?p=289\">Fortsett \u00e5 lese <span class=\"screen-reader-text\">Peters\u00f8ya<\/span><\/a><\/p>\n","protected":false},"author":1,"featured_media":285,"comment_status":"open","ping_status":"open","sticky":false,"template":"","format":"standard","meta":{"footnotes":""},"categories":[9,86],"tags":[],"class_list":["post-289","post","type-post","status-publish","format-standard","has-post-thumbnail","hentry","category-eikli-skole","category-historien_hervibor","entry"],"_links":{"self":[{"href":"https:\/\/hervibor.minserver.org\/index.php?rest_route=\/wp\/v2\/posts\/289","targetHints":{"allow":["GET"]}}],"collection":[{"href":"https:\/\/hervibor.minserver.org\/index.php?rest_route=\/wp\/v2\/posts"}],"about":[{"href":"https:\/\/hervibor.minserver.org\/index.php?rest_route=\/wp\/v2\/types\/post"}],"author":[{"embeddable":true,"href":"https:\/\/hervibor.minserver.org\/index.php?rest_route=\/wp\/v2\/users\/1"}],"replies":[{"embeddable":true,"href":"https:\/\/hervibor.minserver.org\/index.php?rest_route=%2Fwp%2Fv2%2Fcomments&post=289"}],"version-history":[{"count":1,"href":"https:\/\/hervibor.minserver.org\/index.php?rest_route=\/wp\/v2\/posts\/289\/revisions"}],"predecessor-version":[{"id":949,"href":"https:\/\/hervibor.minserver.org\/index.php?rest_route=\/wp\/v2\/posts\/289\/revisions\/949"}],"wp:featuredmedia":[{"embeddable":true,"href":"https:\/\/hervibor.minserver.org\/index.php?rest_route=\/wp\/v2\/media\/285"}],"wp:attachment":[{"href":"https:\/\/hervibor.minserver.org\/index.php?rest_route=%2Fwp%2Fv2%2Fmedia&parent=289"}],"wp:term":[{"taxonomy":"category","embeddable":true,"href":"https:\/\/hervibor.minserver.org\/index.php?rest_route=%2Fwp%2Fv2%2Fcategories&post=289"},{"taxonomy":"post_tag","embeddable":true,"href":"https:\/\/hervibor.minserver.org\/index.php?rest_route=%2Fwp%2Fv2%2Ftags&post=289"}],"curies":[{"name":"wp","href":"https:\/\/api.w.org\/{rel}","templated":true}]}}