{"id":127,"date":"2011-04-07T13:21:46","date_gmt":"2011-04-07T13:21:46","guid":{"rendered":"https:\/\/hervibor.minserver.org\/?p=127"},"modified":"2023-01-14T19:49:43","modified_gmt":"2023-01-14T19:49:43","slug":"ulleral-skole","status":"publish","type":"post","link":"https:\/\/hervibor.minserver.org\/?p=127","title":{"rendered":"Uller\u00e5l skole"},"content":{"rendered":"<\/p>\n<p><em><span style=\"font-size: 8pt;\">Uller\u00e5l skole slik den s\u00e5 ut i 1957. Foto: Hallvard L\u00f8yland\/Buskerud Fylkefotoarkiv<\/span><\/em><\/p>\n<p>&nbsp;<\/p>\n<p>&nbsp;<\/p>\n<p>Uller\u00e5l skole ligger nord i H\u00f8nefoss. Skolen ble tatt i bruk i 1956. Det var s\u00e5 mange unger i Uller\u00e5l-kretsen den gangen, at det var tre klasser p\u00e5 hvert trinn.<\/p>\n<p>&nbsp;<\/p>\n<p>Det har v\u00e6rt skole lenge p\u00e5 Uller\u00e5l. F\u00f8r de fikk ny skole i 1956, hadde det v\u00e6rt b\u00e5de en og to skoler der. Den eldste ble kalt for gamleskolen. Den ble bygd i 1863. S\u00e5 ble det bygd en ny skole i 1901. Den ble kalt for nyskolen. Og n\u00e5 er det den som er gamleskolen.<\/p>\n<p>&nbsp;<\/p>\n<h5>&nbsp;<\/h5>\n<p><img loading=\"lazy\" decoding=\"async\" class=\" size-full wp-image-124\" src=\"https:\/\/hervibor.minserver.org\/wp-content\/uploads\/2011\/04\/ulleralskole560.jpg\" alt=\"Uller\u00e5l skole\" width=\"560\" height=\"297\" srcset=\"https:\/\/hervibor.minserver.org\/wp-content\/uploads\/2011\/04\/ulleralskole560.jpg 560w, https:\/\/hervibor.minserver.org\/wp-content\/uploads\/2011\/04\/ulleralskole560-300x159.jpg 300w\" sizes=\"auto, (max-width: 560px) 100vw, 560px\" \/><\/p>\n<p><em><span style=\"font-size: 8pt;\">Uller\u00e5l skole i august 2011.<\/span><\/em><\/p>\n<p>&nbsp;<\/p>\n<p><em><img loading=\"lazy\" decoding=\"async\" class=\" alignleft size-full wp-image-125\" src=\"https:\/\/hervibor.minserver.org\/wp-content\/uploads\/2011\/04\/gudenulllite.jpg\" alt=\"Guden Ull\" width=\"172\" height=\"188\" style=\"float: left;\" \/><\/em><\/p>\n<p>&nbsp;<\/p>\n<p>Guden Ull er logoen til Uller\u00e5l skole. Ull var flink til \u00e5 skyte med pil og bue.<\/p>\n<p>&nbsp;<\/p>\n<p>{AF}<strong>Mer \u00e5 lese:<\/strong><\/p>\n<p><a href=\"http:\/\/www.ringerike.kommune.no\/Tjenester\/Skole-og-utdanning\/Skoler\/Ulleral-skole\/\" target=\"_blank\" rel=\"noopener noreferrer\">Uller\u00e5l skoles hjemmesider<br \/><\/a>Anne Gro Christensen (red.): <a href=\"https:\/\/ringerike.bib.no\/cgi-bin\/websok?mode=vt&amp;dbpath=\/usr\/biblo\/data&amp;eccl=uller%C3%A5l%20skole%20100%20%C3%A5r%201902%202002&amp;st=p&amp;fastsok=avd=rhv*%20eller%20avd=rhb*%20eller%20avd=rhl*&amp;browsebegrep=1&amp;spraak=nor\" target=\"_blank\" rel=\"noopener noreferrer\">Uller\u00e5l skole 100 \u00e5r; 1902 &#8211; 2002<\/a>&nbsp;(2002)<\/p>\n<p>Frank Tverran: <a href=\"http:\/\/www.ringeriksavisa.no\/lokalhistorie2\/5446-barndomsminner-fra-honenjordet.html\" target=\"_blank\" rel=\"noopener noreferrer\">Barndomsminner fra H\u00f8nenjordet<\/a><\/p>\n<p>Se ogs\u00e5 artiklene om <a href=\"index.php\/ulleral-skole\/40-ulleral\" target=\"_self\" rel=\"noopener\">Uller\u00e5l<\/a>, <a href=\"index.php\/ulleral-skole\/19-hagen\" target=\"_blank\" rel=\"noopener noreferrer\">Hagen<\/a>&nbsp;og <a href=\"index.php\/ulleral-skole\/44-hov-ungdomsskole\" target=\"_blank\" rel=\"noopener noreferrer\">Hov ungdomsskole<\/a>{\/AF}<\/p>\n<p>&nbsp;<\/p>\n<p>&nbsp;<\/p>\n<p>&nbsp;<\/p>\n<p>&nbsp;<\/p>\n<p>&nbsp;<\/p>\n<p>&nbsp;<\/p>\n<p><img loading=\"lazy\" decoding=\"async\" class=\" size-full wp-image-126\" src=\"https:\/\/hervibor.minserver.org\/wp-content\/uploads\/2011\/04\/ulleral_skole.jpg\" alt=\"ulleral skole\" width=\"560\" height=\"461\" srcset=\"https:\/\/hervibor.minserver.org\/wp-content\/uploads\/2011\/04\/ulleral_skole.jpg 560w, https:\/\/hervibor.minserver.org\/wp-content\/uploads\/2011\/04\/ulleral_skole-300x247.jpg 300w\" sizes=\"auto, (max-width: 560px) 100vw, 560px\" \/><\/p>\n<p>&nbsp;<\/p>\n","protected":false},"excerpt":{"rendered":"<p>Uller\u00e5l skole slik den s\u00e5 ut i 1957. Foto: Hallvard L\u00f8yland\/Buskerud Fylkefotoarkiv &nbsp; &nbsp; Uller\u00e5l skole ligger nord i H\u00f8nefoss. Skolen ble tatt i bruk i 1956. Det var s\u00e5 mange unger i Uller\u00e5l-kretsen den gangen, at det var tre klasser p\u00e5 hvert trinn. &nbsp; Det har v\u00e6rt skole lenge p\u00e5 Uller\u00e5l. F\u00f8r de fikk&hellip; <a class=\"more-link\" href=\"https:\/\/hervibor.minserver.org\/?p=127\">Fortsett \u00e5 lese <span class=\"screen-reader-text\">Uller\u00e5l skole<\/span><\/a><\/p>\n","protected":false},"author":1,"featured_media":123,"comment_status":"open","ping_status":"open","sticky":false,"template":"","format":"standard","meta":{"footnotes":""},"categories":[86,18],"tags":[37],"class_list":["post-127","post","type-post","status-publish","format-standard","has-post-thumbnail","hentry","category-historien_hervibor","category-ulleral-skole","tag-ringerike","entry"],"_links":{"self":[{"href":"https:\/\/hervibor.minserver.org\/index.php?rest_route=\/wp\/v2\/posts\/127","targetHints":{"allow":["GET"]}}],"collection":[{"href":"https:\/\/hervibor.minserver.org\/index.php?rest_route=\/wp\/v2\/posts"}],"about":[{"href":"https:\/\/hervibor.minserver.org\/index.php?rest_route=\/wp\/v2\/types\/post"}],"author":[{"embeddable":true,"href":"https:\/\/hervibor.minserver.org\/index.php?rest_route=\/wp\/v2\/users\/1"}],"replies":[{"embeddable":true,"href":"https:\/\/hervibor.minserver.org\/index.php?rest_route=%2Fwp%2Fv2%2Fcomments&post=127"}],"version-history":[{"count":1,"href":"https:\/\/hervibor.minserver.org\/index.php?rest_route=\/wp\/v2\/posts\/127\/revisions"}],"predecessor-version":[{"id":978,"href":"https:\/\/hervibor.minserver.org\/index.php?rest_route=\/wp\/v2\/posts\/127\/revisions\/978"}],"wp:featuredmedia":[{"embeddable":true,"href":"https:\/\/hervibor.minserver.org\/index.php?rest_route=\/wp\/v2\/media\/123"}],"wp:attachment":[{"href":"https:\/\/hervibor.minserver.org\/index.php?rest_route=%2Fwp%2Fv2%2Fmedia&parent=127"}],"wp:term":[{"taxonomy":"category","embeddable":true,"href":"https:\/\/hervibor.minserver.org\/index.php?rest_route=%2Fwp%2Fv2%2Fcategories&post=127"},{"taxonomy":"post_tag","embeddable":true,"href":"https:\/\/hervibor.minserver.org\/index.php?rest_route=%2Fwp%2Fv2%2Ftags&post=127"}],"curies":[{"name":"wp","href":"https:\/\/api.w.org\/{rel}","templated":true}]}}